{"id":15557,"date":"2026-04-26T16:10:57","date_gmt":"2026-04-26T14:10:57","guid":{"rendered":"https:\/\/ecoleprovidencebrest.fr\/?p=15557"},"modified":"2026-04-26T16:10:57","modified_gmt":"2026-04-26T14:10:57","slug":"chemin-de-croix","status":"publish","type":"post","link":"https:\/\/ecoleprovidencebrest.fr\/index.php\/2026\/04\/26\/chemin-de-croix\/","title":{"rendered":"Chemin de Croix"},"content":{"rendered":"<p>[et_pb_section fb_built=&#8221;1&#8243; theme_builder_area=&#8221;post_content&#8221; _builder_version=&#8221;4.20.2&#8243; _module_preset=&#8221;default&#8221;][et_pb_row _builder_version=&#8221;4.20.2&#8243; _module_preset=&#8221;default&#8221; theme_builder_area=&#8221;post_content&#8221;][et_pb_column _builder_version=&#8221;4.20.2&#8243; _module_preset=&#8221;default&#8221; type=&#8221;4_4&#8243; theme_builder_area=&#8221;post_content&#8221;][et_pb_text _builder_version=&#8221;4.20.2&#8243; _module_preset=&#8221;default&#8221; theme_builder_area=&#8221;post_content&#8221; hover_enabled=&#8221;0&#8243; sticky_enabled=&#8221;0&#8243;]Nous sommes all\u00e9s \u00e0 l&#8217;\u00e9glise St Michel pour assister au Chemin de Croix. Certains ont lu ou apport\u00e9 des dessins illustrant les stations que nous avions colori\u00e9es.[\/et_pb_text][\/et_pb_column][\/et_pb_row][\/et_pb_section]<\/p>\n","protected":false},"excerpt":{"rendered":"<p>Nous sommes all\u00e9s \u00e0 l&#8217;\u00e9glise St Michel pour assister au Chemin de Croix. Certains ont lu ou apport\u00e9 des dessins illustrant les stations que nous avions colori\u00e9es.<\/p>\n","protected":false},"author":6,"featured_media":15558,"comment_status":"closed","ping_status":"open","sticky":false,"template":"","format":"standard","meta":{"_et_pb_use_builder":"on","_et_pb_old_content":"","_et_gb_content_width":"","footnotes":""},"categories":[37,28],"tags":[],"class_list":["post-15557","post","type-post","status-publish","format-standard","has-post-thumbnail","hentry","category-ce2","category-classe-de-ce2-cm1"],"yoast_head":"<!-- This site is optimized with the Yoast SEO plugin v20.4 - https:\/\/yoast.com\/wordpress\/plugins\/seo\/ -->\n<title>Chemin de Croix - Ecole La Providence - BREST<\/title>\n<meta name=\"robots\" content=\"index, follow, max-snippet:-1, max-image-preview:large, max-video-preview:-1\" \/>\n<link rel=\"canonical\" href=\"https:\/\/ecoleprovidencebrest.fr\/index.php\/2026\/04\/26\/chemin-de-croix\/\" \/>\n<meta property=\"og:locale\" content=\"fr_FR\" \/>\n<meta property=\"og:type\" content=\"article\" \/>\n<meta property=\"og:title\" content=\"Chemin de Croix - Ecole La Providence - BREST\" \/>\n<meta property=\"og:description\" content=\"Nous sommes all\u00e9s \u00e0 l&#039;\u00e9glise St Michel pour assister au Chemin de Croix. Certains ont lu ou apport\u00e9 des dessins illustrant les stations que nous avions colori\u00e9es.\" \/>\n<meta property=\"og:url\" content=\"https:\/\/ecoleprovidencebrest.fr\/index.php\/2026\/04\/26\/chemin-de-croix\/\" \/>\n<meta property=\"og:site_name\" content=\"Ecole La Providence - BREST\" \/>\n<meta property=\"article:publisher\" content=\"https:\/\/www.facebook.com\/profile.php?id=100091152963951\" \/>\n<meta property=\"article:published_time\" content=\"2026-04-26T14:10:57+00:00\" \/>\n<meta property=\"og:image\" content=\"https:\/\/ecoleprovidencebrest.fr\/wp-content\/uploads\/2026\/04\/20260403_145204-1024x461.jpg\" \/>\n\t<meta property=\"og:image:width\" content=\"1024\" \/>\n\t<meta property=\"og:image:height\" content=\"461\" \/>\n\t<meta property=\"og:image:type\" content=\"image\/jpeg\" \/>\n<meta name=\"author\" content=\"Anne-Marie Bodennec\" \/>\n<meta name=\"twitter:card\" content=\"summary_large_image\" \/>\n<meta name=\"twitter:label1\" content=\"\u00c9crit par\" \/>\n\t<meta name=\"twitter:data1\" content=\"Anne-Marie Bodennec\" \/>\n<script type=\"application\/ld+json\" class=\"yoast-schema-graph\">{\"@context\":\"https:\/\/schema.org\",\"@graph\":[{\"@type\":\"WebPage\",\"@id\":\"https:\/\/ecoleprovidencebrest.fr\/index.php\/2026\/04\/26\/chemin-de-croix\/\",\"url\":\"https:\/\/ecoleprovidencebrest.fr\/index.php\/2026\/04\/26\/chemin-de-croix\/\",\"name\":\"Chemin de Croix - Ecole La Providence - BREST\",\"isPartOf\":{\"@id\":\"https:\/\/ecoleprovidencebrest.fr\/#website\"},\"datePublished\":\"2026-04-26T14:10:57+00:00\",\"dateModified\":\"2026-04-26T14:10:57+00:00\",\"author\":{\"@id\":\"https:\/\/ecoleprovidencebrest.fr\/#\/schema\/person\/078748bf484ebe0a3eb9a4c45250ecb1\"},\"breadcrumb\":{\"@id\":\"https:\/\/ecoleprovidencebrest.fr\/index.php\/2026\/04\/26\/chemin-de-croix\/#breadcrumb\"},\"inLanguage\":\"fr-FR\",\"potentialAction\":[{\"@type\":\"ReadAction\",\"target\":[\"https:\/\/ecoleprovidencebrest.fr\/index.php\/2026\/04\/26\/chemin-de-croix\/\"]}]},{\"@type\":\"BreadcrumbList\",\"@id\":\"https:\/\/ecoleprovidencebrest.fr\/index.php\/2026\/04\/26\/chemin-de-croix\/#breadcrumb\",\"itemListElement\":[{\"@type\":\"ListItem\",\"position\":1,\"name\":\"Accueil\",\"item\":\"https:\/\/ecoleprovidencebrest.fr\/\"},{\"@type\":\"ListItem\",\"position\":2,\"name\":\"Chemin de Croix\"}]},{\"@type\":\"WebSite\",\"@id\":\"https:\/\/ecoleprovidencebrest.fr\/#website\",\"url\":\"https:\/\/ecoleprovidencebrest.fr\/\",\"name\":\"Ecole La Providence - BREST\",\"description\":\"Bienvenue sur le site internet de notre \u00e9cole\",\"potentialAction\":[{\"@type\":\"SearchAction\",\"target\":{\"@type\":\"EntryPoint\",\"urlTemplate\":\"https:\/\/ecoleprovidencebrest.fr\/?s={search_term_string}\"},\"query-input\":\"required name=search_term_string\"}],\"inLanguage\":\"fr-FR\"},{\"@type\":\"Person\",\"@id\":\"https:\/\/ecoleprovidencebrest.fr\/#\/schema\/person\/078748bf484ebe0a3eb9a4c45250ecb1\",\"name\":\"Anne-Marie Bodennec\",\"image\":{\"@type\":\"ImageObject\",\"inLanguage\":\"fr-FR\",\"@id\":\"https:\/\/ecoleprovidencebrest.fr\/#\/schema\/person\/image\/\",\"url\":\"https:\/\/secure.gravatar.com\/avatar\/56856d4d9a97683aff38721a39763b114ca347bad9d9f3b4acd9846e5c2ebde3?s=96&d=mm&r=g\",\"contentUrl\":\"https:\/\/secure.gravatar.com\/avatar\/56856d4d9a97683aff38721a39763b114ca347bad9d9f3b4acd9846e5c2ebde3?s=96&d=mm&r=g\",\"caption\":\"Anne-Marie Bodennec\"},\"url\":\"https:\/\/ecoleprovidencebrest.fr\/index.php\/author\/anne-marie-bodennec\/\"}]}<\/script>\n<!-- \/ Yoast SEO plugin. -->","yoast_head_json":{"title":"Chemin de Croix - Ecole La Providence - BREST","robots":{"index":"index","follow":"follow","max-snippet":"max-snippet:-1","max-image-preview":"max-image-preview:large","max-video-preview":"max-video-preview:-1"},"canonical":"https:\/\/ecoleprovidencebrest.fr\/index.php\/2026\/04\/26\/chemin-de-croix\/","og_locale":"fr_FR","og_type":"article","og_title":"Chemin de Croix - Ecole La Providence - BREST","og_description":"Nous sommes all\u00e9s \u00e0 l'\u00e9glise St Michel pour assister au Chemin de Croix. Certains ont lu ou apport\u00e9 des dessins illustrant les stations que nous avions colori\u00e9es.","og_url":"https:\/\/ecoleprovidencebrest.fr\/index.php\/2026\/04\/26\/chemin-de-croix\/","og_site_name":"Ecole La Providence - BREST","article_publisher":"https:\/\/www.facebook.com\/profile.php?id=100091152963951","article_published_time":"2026-04-26T14:10:57+00:00","og_image":[{"width":1024,"height":461,"url":"https:\/\/ecoleprovidencebrest.fr\/wp-content\/uploads\/2026\/04\/20260403_145204-1024x461.jpg","type":"image\/jpeg"}],"author":"Anne-Marie Bodennec","twitter_card":"summary_large_image","twitter_misc":{"\u00c9crit par":"Anne-Marie Bodennec"},"schema":{"@context":"https:\/\/schema.org","@graph":[{"@type":"WebPage","@id":"https:\/\/ecoleprovidencebrest.fr\/index.php\/2026\/04\/26\/chemin-de-croix\/","url":"https:\/\/ecoleprovidencebrest.fr\/index.php\/2026\/04\/26\/chemin-de-croix\/","name":"Chemin de Croix - Ecole La Providence - BREST","isPartOf":{"@id":"https:\/\/ecoleprovidencebrest.fr\/#website"},"datePublished":"2026-04-26T14:10:57+00:00","dateModified":"2026-04-26T14:10:57+00:00","author":{"@id":"https:\/\/ecoleprovidencebrest.fr\/#\/schema\/person\/078748bf484ebe0a3eb9a4c45250ecb1"},"breadcrumb":{"@id":"https:\/\/ecoleprovidencebrest.fr\/index.php\/2026\/04\/26\/chemin-de-croix\/#breadcrumb"},"inLanguage":"fr-FR","potentialAction":[{"@type":"ReadAction","target":["https:\/\/ecoleprovidencebrest.fr\/index.php\/2026\/04\/26\/chemin-de-croix\/"]}]},{"@type":"BreadcrumbList","@id":"https:\/\/ecoleprovidencebrest.fr\/index.php\/2026\/04\/26\/chemin-de-croix\/#breadcrumb","itemListElement":[{"@type":"ListItem","position":1,"name":"Accueil","item":"https:\/\/ecoleprovidencebrest.fr\/"},{"@type":"ListItem","position":2,"name":"Chemin de Croix"}]},{"@type":"WebSite","@id":"https:\/\/ecoleprovidencebrest.fr\/#website","url":"https:\/\/ecoleprovidencebrest.fr\/","name":"Ecole La Providence - BREST","description":"Bienvenue sur le site internet de notre \u00e9cole","potentialAction":[{"@type":"SearchAction","target":{"@type":"EntryPoint","urlTemplate":"https:\/\/ecoleprovidencebrest.fr\/?s={search_term_string}"},"query-input":"required name=search_term_string"}],"inLanguage":"fr-FR"},{"@type":"Person","@id":"https:\/\/ecoleprovidencebrest.fr\/#\/schema\/person\/078748bf484ebe0a3eb9a4c45250ecb1","name":"Anne-Marie Bodennec","image":{"@type":"ImageObject","inLanguage":"fr-FR","@id":"https:\/\/ecoleprovidencebrest.fr\/#\/schema\/person\/image\/","url":"https:\/\/secure.gravatar.com\/avatar\/56856d4d9a97683aff38721a39763b114ca347bad9d9f3b4acd9846e5c2ebde3?s=96&d=mm&r=g","contentUrl":"https:\/\/secure.gravatar.com\/avatar\/56856d4d9a97683aff38721a39763b114ca347bad9d9f3b4acd9846e5c2ebde3?s=96&d=mm&r=g","caption":"Anne-Marie Bodennec"},"url":"https:\/\/ecoleprovidencebrest.fr\/index.php\/author\/anne-marie-bodennec\/"}]}},"_links":{"self":[{"href":"https:\/\/ecoleprovidencebrest.fr\/index.php\/wp-json\/wp\/v2\/posts\/15557","targetHints":{"allow":["GET"]}}],"collection":[{"href":"https:\/\/ecoleprovidencebrest.fr\/index.php\/wp-json\/wp\/v2\/posts"}],"about":[{"href":"https:\/\/ecoleprovidencebrest.fr\/index.php\/wp-json\/wp\/v2\/types\/post"}],"author":[{"embeddable":true,"href":"https:\/\/ecoleprovidencebrest.fr\/index.php\/wp-json\/wp\/v2\/users\/6"}],"replies":[{"embeddable":true,"href":"https:\/\/ecoleprovidencebrest.fr\/index.php\/wp-json\/wp\/v2\/comments?post=15557"}],"version-history":[{"count":3,"href":"https:\/\/ecoleprovidencebrest.fr\/index.php\/wp-json\/wp\/v2\/posts\/15557\/revisions"}],"predecessor-version":[{"id":15562,"href":"https:\/\/ecoleprovidencebrest.fr\/index.php\/wp-json\/wp\/v2\/posts\/15557\/revisions\/15562"}],"wp:featuredmedia":[{"embeddable":true,"href":"https:\/\/ecoleprovidencebrest.fr\/index.php\/wp-json\/wp\/v2\/media\/15558"}],"wp:attachment":[{"href":"https:\/\/ecoleprovidencebrest.fr\/index.php\/wp-json\/wp\/v2\/media?parent=15557"}],"wp:term":[{"taxonomy":"category","embeddable":true,"href":"https:\/\/ecoleprovidencebrest.fr\/index.php\/wp-json\/wp\/v2\/categories?post=15557"},{"taxonomy":"post_tag","embeddable":true,"href":"https:\/\/ecoleprovidencebrest.fr\/index.php\/wp-json\/wp\/v2\/tags?post=15557"}],"curies":[{"name":"wp","href":"https:\/\/api.w.org\/{rel}","templated":true}]}}