{"id":15580,"date":"2026-04-26T19:24:22","date_gmt":"2026-04-26T17:24:22","guid":{"rendered":"https:\/\/ecoleprovidencebrest.fr\/?p=15580"},"modified":"2026-04-26T19:24:23","modified_gmt":"2026-04-26T17:24:23","slug":"brest-sous-les-bombes-de-peinture","status":"publish","type":"post","link":"https:\/\/ecoleprovidencebrest.fr\/index.php\/2026\/04\/26\/brest-sous-les-bombes-de-peinture\/","title":{"rendered":"&#8220;Brest sous les bombes&#8221; de peinture !"},"content":{"rendered":"<p>[et_pb_section fb_built=&#8221;1&#8243; theme_builder_area=&#8221;post_content&#8221; _builder_version=&#8221;4.20.2&#8243; _module_preset=&#8221;default&#8221;][et_pb_row _builder_version=&#8221;4.20.2&#8243; _module_preset=&#8221;default&#8221; column_structure=&#8221;1_2,1_2&#8243; theme_builder_area=&#8221;post_content&#8221;][et_pb_column _builder_version=&#8221;4.20.2&#8243; _module_preset=&#8221;default&#8221; type=&#8221;1_2&#8243; theme_builder_area=&#8221;post_content&#8221;][et_pb_text _builder_version=&#8221;4.20.2&#8243; _module_preset=&#8221;default&#8221; theme_builder_area=&#8221;post_content&#8221; hover_enabled=&#8221;0&#8243; sticky_enabled=&#8221;0&#8243;]<\/p>\n<p>Les \u00e9l\u00e8ves de CP se sont rendus au Centre d&#8217;Art contemporain Passerelle pour d\u00e9couvrir l&#8217;exposition &#8220;Brest sous les bombes&#8221; qui retrace l&#8217;histoire du graffiti en r\u00e9gion brestoise.<\/p>\n<p>Les \u00e9l\u00e8ves ont pu vivre trois moments :\u00a0<\/p>\n<p>&#8211; un moment de d\u00e9couverte de l&#8217;exposition,<\/p>\n<p>&#8211; un moment de d\u00e9couverte de livres d&#8217;art d\u00e9tournant les lettres de l&#8217;alphabet,\u00a0<\/p>\n<p>&#8211; un moment de cr\u00e9ation sur de grandes feuilles avec des lettres trac\u00e9es sommairement que les \u00e9l\u00e8ves devaient d\u00e9tourner, agr\u00e9menter \u00e0 l&#8217;aide de feutres.<\/p>\n<p>Une matin\u00e9e 100% artistique pour s&#8217;ouvrir au monde et d\u00e9velopper sa cr\u00e9ativit\u00e9 ! Merci \u00e0 Annabelle et au Centre Passerelle pour ces ateliers adapt\u00e9s aux \u00e9l\u00e8ves.<\/p>\n<p>[\/et_pb_text][\/et_pb_column][et_pb_column _builder_version=&#8221;4.20.2&#8243; _module_preset=&#8221;default&#8221; type=&#8221;1_2&#8243; theme_builder_area=&#8221;post_content&#8221;][et_pb_gallery _builder_version=&#8221;4.20.2&#8243; _module_preset=&#8221;default&#8221; theme_builder_area=&#8221;post_content&#8221; fullwidth=&#8221;on&#8221; animation_style=&#8221;slide&#8221; auto=&#8221;on&#8221; auto_speed=&#8221;3000&#8243; gallery_ids=&#8221;15584,15585,15586,15587,15588,15589,15590,15591,15592,15593,15594,15595,15596,15597,15598,15599,15600,15601,15602,15603,15604,15605,15606&#8243; hover_enabled=&#8221;0&#8243; sticky_enabled=&#8221;0&#8243;][\/et_pb_gallery][\/et_pb_column][\/et_pb_row][\/et_pb_section]<\/p>\n","protected":false},"excerpt":{"rendered":"<p>Les \u00e9l\u00e8ves de CP se sont rendus au Centre d&#8217;Art contemporain Passerelle pour d\u00e9couvrir l&#8217;exposition &#8220;Brest sous les bombes&#8221; qui retrace l&#8217;histoire du graffiti en r\u00e9gion brestoise. Les \u00e9l\u00e8ves ont pu vivre trois moments :\u00a0 &#8211; un moment de d\u00e9couverte de l&#8217;exposition, &#8211; un moment de d\u00e9couverte de livres d&#8217;art d\u00e9tournant les lettres de l&#8217;alphabet,\u00a0 [&hellip;]<\/p>\n","protected":false},"author":12,"featured_media":15581,"comment_status":"closed","ping_status":"open","sticky":false,"template":"","format":"standard","meta":{"_et_pb_use_builder":"on","_et_pb_old_content":"","_et_gb_content_width":"","footnotes":""},"categories":[26,36,43,35],"tags":[],"class_list":["post-15580","post","type-post","status-publish","format-standard","has-post-thumbnail","hentry","category-classe-de-cp","category-cp-ce1","category-eac","category-gs-cp"],"yoast_head":"<!-- This site is optimized with the Yoast SEO plugin v20.4 - https:\/\/yoast.com\/wordpress\/plugins\/seo\/ -->\n<title>&quot;Brest sous les bombes&quot; de peinture ! - Ecole La Providence - BREST<\/title>\n<meta name=\"robots\" content=\"index, follow, max-snippet:-1, max-image-preview:large, max-video-preview:-1\" \/>\n<link rel=\"canonical\" href=\"https:\/\/ecoleprovidencebrest.fr\/index.php\/2026\/04\/26\/brest-sous-les-bombes-de-peinture\/\" \/>\n<meta property=\"og:locale\" content=\"fr_FR\" \/>\n<meta property=\"og:type\" content=\"article\" \/>\n<meta property=\"og:title\" content=\"&quot;Brest sous les bombes&quot; de peinture ! - Ecole La Providence - BREST\" \/>\n<meta property=\"og:description\" content=\"Les \u00e9l\u00e8ves de CP se sont rendus au Centre d&#039;Art contemporain Passerelle pour d\u00e9couvrir l&#039;exposition &quot;Brest sous les bombes&quot; qui retrace l&#039;histoire du graffiti en r\u00e9gion brestoise. Les \u00e9l\u00e8ves ont pu vivre trois moments :\u00a0 - un moment de d\u00e9couverte de l&#039;exposition, - un moment de d\u00e9couverte de livres d&#039;art d\u00e9tournant les lettres de l&#039;alphabet,\u00a0 [&hellip;]\" \/>\n<meta property=\"og:url\" content=\"https:\/\/ecoleprovidencebrest.fr\/index.php\/2026\/04\/26\/brest-sous-les-bombes-de-peinture\/\" \/>\n<meta property=\"og:site_name\" content=\"Ecole La Providence - BREST\" \/>\n<meta property=\"article:publisher\" content=\"https:\/\/www.facebook.com\/profile.php?id=100091152963951\" \/>\n<meta property=\"article:published_time\" content=\"2026-04-26T17:24:22+00:00\" \/>\n<meta property=\"article:modified_time\" content=\"2026-04-26T17:24:23+00:00\" \/>\n<meta property=\"og:image\" content=\"https:\/\/ecoleprovidencebrest.fr\/wp-content\/uploads\/2026\/04\/IMG_0030bis-scaled.jpg\" \/>\n\t<meta property=\"og:image:width\" content=\"2560\" \/>\n\t<meta property=\"og:image:height\" content=\"2518\" \/>\n\t<meta property=\"og:image:type\" content=\"image\/jpeg\" \/>\n<meta name=\"author\" content=\"Ombeline Jalkh\" \/>\n<meta name=\"twitter:card\" content=\"summary_large_image\" \/>\n<meta name=\"twitter:label1\" content=\"\u00c9crit par\" \/>\n\t<meta name=\"twitter:data1\" content=\"Ombeline Jalkh\" \/>\n<script type=\"application\/ld+json\" class=\"yoast-schema-graph\">{\"@context\":\"https:\/\/schema.org\",\"@graph\":[{\"@type\":\"WebPage\",\"@id\":\"https:\/\/ecoleprovidencebrest.fr\/index.php\/2026\/04\/26\/brest-sous-les-bombes-de-peinture\/\",\"url\":\"https:\/\/ecoleprovidencebrest.fr\/index.php\/2026\/04\/26\/brest-sous-les-bombes-de-peinture\/\",\"name\":\"\\\"Brest sous les bombes\\\" de peinture ! - Ecole La Providence - BREST\",\"isPartOf\":{\"@id\":\"https:\/\/ecoleprovidencebrest.fr\/#website\"},\"datePublished\":\"2026-04-26T17:24:22+00:00\",\"dateModified\":\"2026-04-26T17:24:23+00:00\",\"author\":{\"@id\":\"https:\/\/ecoleprovidencebrest.fr\/#\/schema\/person\/65c96811f48ed995aee9ff8cf066291b\"},\"breadcrumb\":{\"@id\":\"https:\/\/ecoleprovidencebrest.fr\/index.php\/2026\/04\/26\/brest-sous-les-bombes-de-peinture\/#breadcrumb\"},\"inLanguage\":\"fr-FR\",\"potentialAction\":[{\"@type\":\"ReadAction\",\"target\":[\"https:\/\/ecoleprovidencebrest.fr\/index.php\/2026\/04\/26\/brest-sous-les-bombes-de-peinture\/\"]}]},{\"@type\":\"BreadcrumbList\",\"@id\":\"https:\/\/ecoleprovidencebrest.fr\/index.php\/2026\/04\/26\/brest-sous-les-bombes-de-peinture\/#breadcrumb\",\"itemListElement\":[{\"@type\":\"ListItem\",\"position\":1,\"name\":\"Accueil\",\"item\":\"https:\/\/ecoleprovidencebrest.fr\/\"},{\"@type\":\"ListItem\",\"position\":2,\"name\":\"&#8220;Brest sous les bombes&#8221; de peinture !\"}]},{\"@type\":\"WebSite\",\"@id\":\"https:\/\/ecoleprovidencebrest.fr\/#website\",\"url\":\"https:\/\/ecoleprovidencebrest.fr\/\",\"name\":\"Ecole La Providence - BREST\",\"description\":\"Bienvenue sur le site internet de notre \u00e9cole\",\"potentialAction\":[{\"@type\":\"SearchAction\",\"target\":{\"@type\":\"EntryPoint\",\"urlTemplate\":\"https:\/\/ecoleprovidencebrest.fr\/?s={search_term_string}\"},\"query-input\":\"required name=search_term_string\"}],\"inLanguage\":\"fr-FR\"},{\"@type\":\"Person\",\"@id\":\"https:\/\/ecoleprovidencebrest.fr\/#\/schema\/person\/65c96811f48ed995aee9ff8cf066291b\",\"name\":\"Ombeline Jalkh\",\"image\":{\"@type\":\"ImageObject\",\"inLanguage\":\"fr-FR\",\"@id\":\"https:\/\/ecoleprovidencebrest.fr\/#\/schema\/person\/image\/\",\"url\":\"https:\/\/secure.gravatar.com\/avatar\/f0c976614fffba97341cc7a7c8cfc081637667e48419566d33fdaa249fafa712?s=96&d=mm&r=g\",\"contentUrl\":\"https:\/\/secure.gravatar.com\/avatar\/f0c976614fffba97341cc7a7c8cfc081637667e48419566d33fdaa249fafa712?s=96&d=mm&r=g\",\"caption\":\"Ombeline Jalkh\"},\"url\":\"https:\/\/ecoleprovidencebrest.fr\/index.php\/author\/ombeline-jalkh\/\"}]}<\/script>\n<!-- \/ Yoast SEO plugin. -->","yoast_head_json":{"title":"\"Brest sous les bombes\" de peinture ! - Ecole La Providence - BREST","robots":{"index":"index","follow":"follow","max-snippet":"max-snippet:-1","max-image-preview":"max-image-preview:large","max-video-preview":"max-video-preview:-1"},"canonical":"https:\/\/ecoleprovidencebrest.fr\/index.php\/2026\/04\/26\/brest-sous-les-bombes-de-peinture\/","og_locale":"fr_FR","og_type":"article","og_title":"\"Brest sous les bombes\" de peinture ! - Ecole La Providence - BREST","og_description":"Les \u00e9l\u00e8ves de CP se sont rendus au Centre d'Art contemporain Passerelle pour d\u00e9couvrir l'exposition \"Brest sous les bombes\" qui retrace l'histoire du graffiti en r\u00e9gion brestoise. Les \u00e9l\u00e8ves ont pu vivre trois moments :\u00a0 - un moment de d\u00e9couverte de l'exposition, - un moment de d\u00e9couverte de livres d'art d\u00e9tournant les lettres de l'alphabet,\u00a0 [&hellip;]","og_url":"https:\/\/ecoleprovidencebrest.fr\/index.php\/2026\/04\/26\/brest-sous-les-bombes-de-peinture\/","og_site_name":"Ecole La Providence - BREST","article_publisher":"https:\/\/www.facebook.com\/profile.php?id=100091152963951","article_published_time":"2026-04-26T17:24:22+00:00","article_modified_time":"2026-04-26T17:24:23+00:00","og_image":[{"width":2560,"height":2518,"url":"https:\/\/ecoleprovidencebrest.fr\/wp-content\/uploads\/2026\/04\/IMG_0030bis-scaled.jpg","type":"image\/jpeg"}],"author":"Ombeline Jalkh","twitter_card":"summary_large_image","twitter_misc":{"\u00c9crit par":"Ombeline Jalkh"},"schema":{"@context":"https:\/\/schema.org","@graph":[{"@type":"WebPage","@id":"https:\/\/ecoleprovidencebrest.fr\/index.php\/2026\/04\/26\/brest-sous-les-bombes-de-peinture\/","url":"https:\/\/ecoleprovidencebrest.fr\/index.php\/2026\/04\/26\/brest-sous-les-bombes-de-peinture\/","name":"\"Brest sous les bombes\" de peinture ! - Ecole La Providence - BREST","isPartOf":{"@id":"https:\/\/ecoleprovidencebrest.fr\/#website"},"datePublished":"2026-04-26T17:24:22+00:00","dateModified":"2026-04-26T17:24:23+00:00","author":{"@id":"https:\/\/ecoleprovidencebrest.fr\/#\/schema\/person\/65c96811f48ed995aee9ff8cf066291b"},"breadcrumb":{"@id":"https:\/\/ecoleprovidencebrest.fr\/index.php\/2026\/04\/26\/brest-sous-les-bombes-de-peinture\/#breadcrumb"},"inLanguage":"fr-FR","potentialAction":[{"@type":"ReadAction","target":["https:\/\/ecoleprovidencebrest.fr\/index.php\/2026\/04\/26\/brest-sous-les-bombes-de-peinture\/"]}]},{"@type":"BreadcrumbList","@id":"https:\/\/ecoleprovidencebrest.fr\/index.php\/2026\/04\/26\/brest-sous-les-bombes-de-peinture\/#breadcrumb","itemListElement":[{"@type":"ListItem","position":1,"name":"Accueil","item":"https:\/\/ecoleprovidencebrest.fr\/"},{"@type":"ListItem","position":2,"name":"&#8220;Brest sous les bombes&#8221; de peinture !"}]},{"@type":"WebSite","@id":"https:\/\/ecoleprovidencebrest.fr\/#website","url":"https:\/\/ecoleprovidencebrest.fr\/","name":"Ecole La Providence - BREST","description":"Bienvenue sur le site internet de notre \u00e9cole","potentialAction":[{"@type":"SearchAction","target":{"@type":"EntryPoint","urlTemplate":"https:\/\/ecoleprovidencebrest.fr\/?s={search_term_string}"},"query-input":"required name=search_term_string"}],"inLanguage":"fr-FR"},{"@type":"Person","@id":"https:\/\/ecoleprovidencebrest.fr\/#\/schema\/person\/65c96811f48ed995aee9ff8cf066291b","name":"Ombeline Jalkh","image":{"@type":"ImageObject","inLanguage":"fr-FR","@id":"https:\/\/ecoleprovidencebrest.fr\/#\/schema\/person\/image\/","url":"https:\/\/secure.gravatar.com\/avatar\/f0c976614fffba97341cc7a7c8cfc081637667e48419566d33fdaa249fafa712?s=96&d=mm&r=g","contentUrl":"https:\/\/secure.gravatar.com\/avatar\/f0c976614fffba97341cc7a7c8cfc081637667e48419566d33fdaa249fafa712?s=96&d=mm&r=g","caption":"Ombeline Jalkh"},"url":"https:\/\/ecoleprovidencebrest.fr\/index.php\/author\/ombeline-jalkh\/"}]}},"_links":{"self":[{"href":"https:\/\/ecoleprovidencebrest.fr\/index.php\/wp-json\/wp\/v2\/posts\/15580","targetHints":{"allow":["GET"]}}],"collection":[{"href":"https:\/\/ecoleprovidencebrest.fr\/index.php\/wp-json\/wp\/v2\/posts"}],"about":[{"href":"https:\/\/ecoleprovidencebrest.fr\/index.php\/wp-json\/wp\/v2\/types\/post"}],"author":[{"embeddable":true,"href":"https:\/\/ecoleprovidencebrest.fr\/index.php\/wp-json\/wp\/v2\/users\/12"}],"replies":[{"embeddable":true,"href":"https:\/\/ecoleprovidencebrest.fr\/index.php\/wp-json\/wp\/v2\/comments?post=15580"}],"version-history":[{"count":2,"href":"https:\/\/ecoleprovidencebrest.fr\/index.php\/wp-json\/wp\/v2\/posts\/15580\/revisions"}],"predecessor-version":[{"id":15607,"href":"https:\/\/ecoleprovidencebrest.fr\/index.php\/wp-json\/wp\/v2\/posts\/15580\/revisions\/15607"}],"wp:featuredmedia":[{"embeddable":true,"href":"https:\/\/ecoleprovidencebrest.fr\/index.php\/wp-json\/wp\/v2\/media\/15581"}],"wp:attachment":[{"href":"https:\/\/ecoleprovidencebrest.fr\/index.php\/wp-json\/wp\/v2\/media?parent=15580"}],"wp:term":[{"taxonomy":"category","embeddable":true,"href":"https:\/\/ecoleprovidencebrest.fr\/index.php\/wp-json\/wp\/v2\/categories?post=15580"},{"taxonomy":"post_tag","embeddable":true,"href":"https:\/\/ecoleprovidencebrest.fr\/index.php\/wp-json\/wp\/v2\/tags?post=15580"}],"curies":[{"name":"wp","href":"https:\/\/api.w.org\/{rel}","templated":true}]}}